{"id":4068,"date":"2025-05-07T15:22:00","date_gmt":"2025-05-07T14:22:00","guid":{"rendered":"https:\/\/www.obradordemoviments.com\/es\/?p=4068"},"modified":"2025-05-07T16:38:02","modified_gmt":"2025-05-07T15:38:02","slug":"mirador-con-gary-hoffman-soto","status":"publish","type":"post","link":"https:\/\/www.obradordemoviments.com\/es\/2025\/05\/07\/mirador-con-gary-hoffman-soto\/","title":{"rendered":"MIRADOR con Gary Hoffman Soto"},"content":{"rendered":"\n<div class=\"wp-block-columns is-layout-flex wp-container-core-columns-is-layout-2 wp-block-columns-is-layout-flex\">\n<div class=\"wp-block-column is-layout-flow wp-block-column-is-layout-flow\" style=\"flex-basis:40%\">\n<div class=\"wp-block-columns is-not-stacked-on-mobile has-background is-layout-flex wp-container-core-columns-is-layout-1 wp-block-columns-is-layout-flex\" style=\"background-color:#fffdff\">\n<div class=\"wp-block-column is-layout-flow wp-block-column-is-layout-flow\" style=\"flex-basis:0.01%\"><\/div>\n\n\n\n<div class=\"wp-block-column is-vertically-aligned-center is-layout-flow wp-block-column-is-layout-flow\">\n<div style=\"height:7px\" aria-hidden=\"true\" class=\"wp-block-spacer\"><\/div>\n\n\n\n<div class=\"wp-block-group has-text-color has-background has-link-color wp-elements-abec06a5c10cd07e6e16c791f9251b27 is-vertical is-content-justification-left is-layout-flex wp-container-core-group-is-layout-1 wp-block-group-is-layout-flex\" style=\"color:#000000;background-color:#fffdff;font-size:13px;letter-spacing:2px\">\n<p class=\"has-background\" style=\"background-color:#fffdff;font-size:5px\"><\/p>\n\n\n\n<p class=\"has-text-align-left has-text-color has-link-color has-normal-font-size wp-elements-c88fc48d6f50969d5aa7ec32e99cc187\" style=\"color:#000000;letter-spacing:1px\">FECHA: 31 \/ 05 \/ 2025<\/p>\n\n\n\n<p class=\"has-text-align-left has-text-color has-link-color has-normal-font-size wp-elements-67bef1e93a71cea3497e45aaf56743e1\" style=\"color:#000000;letter-spacing:1px\">HORARIO TALLER: 16h &#8211; 19h<\/p>\n\n\n\n<p class=\"has-text-align-left has-text-color has-link-color has-normal-font-size wp-elements-74fab206f0d7235b2d0e8b7e0dcdd320\" style=\"color:#000000;letter-spacing:1px\">HORARIO PRESENTACI\u00d3N + COLOQUIO: 20h &#8211; 21h<\/p>\n\n\n\n<p class=\"has-background\" style=\"background-color:#fffdff;font-size:5px\"><\/p>\n<\/div>\n<\/div>\n<\/div>\n\n\n\n<div style=\"height:57px\" aria-hidden=\"true\" class=\"wp-block-spacer\"><\/div>\n\n\n\n<p class=\"has-text-align-left has-normal-font-size\" style=\"letter-spacing:5px\"><a href=\"https:\/\/www.obradordemoviments.com\/es\/contacte\/\" data-type=\"page\" data-id=\"81\"><strong>RESERVAR PLAZA &gt;<\/strong><\/a><\/p>\n<\/div>\n\n\n\n<div class=\"wp-block-column is-layout-flow wp-block-column-is-layout-flow\" style=\"flex-basis:10%\"><\/div>\n\n\n\n<div class=\"wp-block-column is-vertically-aligned-top is-layout-flow wp-block-column-is-layout-flow\">\n<div class=\"wp-block-group has-background is-vertical is-content-justification-stretch is-layout-flex wp-container-core-group-is-layout-2 wp-block-group-is-layout-flex\" style=\"background-color:#f7ddb3\">\n<p class=\"has-background\" style=\"background-color:#f7ddb3;font-size:2px\"><\/p>\n\n\n\n<p class=\"has-text-align-center has-text-color has-link-color has-normal-font-size wp-elements-bf6c6c57bb6b0da23faa14b983cad256\" style=\"color:#000000;letter-spacing:5px\">PRECIOS &gt;<\/p>\n\n\n\n<p class=\"has-text-align-center has-accent-2-color has-text-color has-link-color wp-elements-d31492084cca710f64e2b9dd8b9a0bc1\"><mark style=\"background-color:rgba(0, 0, 0, 0);color:#000000\" class=\"has-inline-color\">\u00b7 Taller + Presentaci\u00f3n + Coloquio: <strong>70\u20ac<\/strong><\/mark><br>*Alumnos Obrador y socios APdC: <strong>65\u20ac<\/strong><br><\/p>\n\n\n\n<p class=\"has-text-align-center has-text-color has-link-color wp-elements-c982ad76c54da5dcbad96e52aa3360f4\" style=\"color:#000000\">\u00b7 Presentaci\u00f3n + Coloquio: <strong>10\u20ac<\/strong><\/p>\n\n\n\n<p class=\"has-background\" style=\"background-color:#f7ddb3;font-size:0px\"><\/p>\n<\/div>\n<\/div>\n\n\n\n<div class=\"wp-block-column is-layout-flow wp-block-column-is-layout-flow\" style=\"flex-basis:5%\"><\/div>\n<\/div>\n\n\n\n<div style=\"height:57px\" aria-hidden=\"true\" class=\"wp-block-spacer\"><\/div>\n\n\n\n<div class=\"wp-block-columns is-layout-flex wp-container-core-columns-is-layout-3 wp-block-columns-is-layout-flex\">\n<div class=\"wp-block-column is-layout-flow wp-block-column-is-layout-flow\" style=\"flex-basis:80%\">\n<p>Con casi ochenta a\u00f1os de vida dedicados plenamente a las artes del movimiento y a las pr\u00e1cticas som\u00e1ticas, <mark style=\"background-color:rgba(0, 0, 0, 0);color:#000000\" class=\"has-inline-color\">Gary Hoffman Soto<\/mark> representa una gran fuente de sabidur\u00eda, experiencia y autenticidad.<\/p>\n\n\n\n<p>Soto es un bailar\u00edn y creador profundamente convencido de que nuestra historia personal moldea el cuerpo, y con ello la forma en que sentimos, pensamos y actuamos. Para \u00e9l, movernos de manera encarnada es una forma de expresar nuestra humanidad m\u00e1s profunda.<\/p>\n\n\n\n<p>Durante m\u00e1s de cuatro d\u00e9cadas, trabaj\u00f3 junto a la bailarina y core\u00f3grafa estadounidense<mark style=\"background-color:rgba(0, 0, 0, 0);color:#000000\" class=\"has-inline-color\"> Anna Halprin<\/mark>, una artista comprometida que entend\u00eda el cuerpo como herramienta de reflexi\u00f3n, crecimiento, resistencia y sanaci\u00f3n. <mark style=\"background-color:rgba(0, 0, 0, 0);color:#000000\" class=\"has-inline-color\">Halprin<\/mark> demostr\u00f3 que la danza puede ser protesta, lenguaje y transformaci\u00f3n.<\/p>\n\n\n\n<p>A lo largo de su singular trayectoria, Soto ha desarrollado una pr\u00e1ctica propia, sensible y profunda, que integra influencias como el <mark style=\"background-color:rgba(0, 0, 0, 0);color:#000000\" class=\"has-inline-color\">Mindfulness<\/mark>, el <mark style=\"background-color:rgba(0, 0, 0, 0);color:#000000\" class=\"has-inline-color\">m\u00e9todo Feldenkrais<\/mark>, la <mark style=\"background-color:rgba(0, 0, 0, 0);color:#000000\" class=\"has-inline-color\">Capoeira<\/mark> y diversas <mark style=\"background-color:rgba(0, 0, 0, 0);color:#040404\" class=\"has-inline-color\">artes marciales<\/mark>. Cada uno de sus movimientos es un acto de autoconocimiento y presencia.<\/p>\n\n\n\n<p>Una de sus principales creaciones es <mark style=\"background-color:rgba(0, 0, 0, 0);color:#000000\" class=\"has-inline-color\">Swimming Dragon<\/mark>, una pr\u00e1ctica que fusiona tradiciones orientales como el <mark style=\"background-color:rgba(0, 0, 0, 0);color:#000000\" class=\"has-inline-color\">Tai Chi<\/mark> y el <mark style=\"background-color:rgba(0, 0, 0, 0);color:#000000\" class=\"has-inline-color\">Chi Gong<\/mark>, dando lugar a un lenguaje som\u00e1tico \u00fanico, inspirado en tradiciones ancestrales del movimiento consciente.<\/p>\n\n\n\n<p>En el marco de <mark style=\"background-color:rgba(0, 0, 0, 0);color:#000000\" class=\"has-inline-color\">MIRADOR<\/mark>, el pr\u00f3ximo <mark style=\"background-color:rgba(0, 0, 0, 0);color:#000000\" class=\"has-inline-color\">31 de mayo<\/mark>, hemos invitado a Gary Hoffman Soto a impartir un <mark style=\"background-color:rgba(0, 0, 0, 0);color:#000000\" class=\"has-inline-color\">taller de tres horas<\/mark>, donde nos acompa\u00f1ar\u00e1 a trav\u00e9s de diversas pr\u00e1cticas conscientes que integran la improvisaci\u00f3n a partir de un trabajo som\u00e1tico. Durante el taller, propondr\u00e1 distintos enfoques para moverse desde lo esencial, abrirnos a lo desconocido y soltar aquello que creemos conocer.<\/p>\n\n\n\n<p>Como es tradici\u00f3n en este formato, el artista cerrar\u00e1 la jornada con una <mark style=\"background-color:rgba(0, 0, 0, 0);color:#000000\" class=\"has-inline-color\">presentaci\u00f3n en vivo<\/mark>. Soto compartir\u00e1 en escena una serie de temas afines a su momento vital, desplegando su presencia esc\u00e9nica, que es siempre honesta, vibrante y profundamente humana.<\/p>\n\n\n\n<p>Descubre m\u00e1s sobre su trabajo en <a href=\"https:\/\/sotomotion.com\/\" data-type=\"link\" data-id=\"https:\/\/sotomotion.com\/\">www.sotomotion.com<\/a><\/p>\n<\/div>\n\n\n\n<div class=\"wp-block-column is-layout-flow wp-block-column-is-layout-flow\"><\/div>\n<\/div>\n\n\n\n<p class=\"has-text-align-center has-normal-font-size\"><mark style=\"background-color:rgba(0, 0, 0, 0);color:#000000\" class=\"has-inline-color\">Para reservar tu plaza, env\u00edanos un correo a <a href=\"mailto:info@obradordemoviments.com\" target=\"_blank\" rel=\"noreferrer noopener\">info@obradordemoviments.com<\/a><a href=\"mailto:info@obradordemoviments.com\" target=\"_blank\" rel=\"noreferrer noopener\"><\/a> \/\/ Plazas limitadas<\/mark><\/p>\n\n\n\n<p class=\"has-text-align-center\" style=\"letter-spacing:2px\"><a href=\"https:\/\/www.obradordemoviments.com\/es\/contacte\/\" data-type=\"page\" data-id=\"81\"><strong>ME APUNTO &gt;<\/strong><\/a><\/p>\n\n\n\n<div style=\"height:100px\" aria-hidden=\"true\" class=\"wp-block-spacer\"><\/div>\n\n\n\n<div class=\"wp-block-columns alignwide is-layout-flex wp-container-core-columns-is-layout-4 wp-block-columns-is-layout-flex\">\n<div class=\"wp-block-column is-layout-flow wp-block-column-is-layout-flow\">\n<div style=\"height:94px\" aria-hidden=\"true\" class=\"wp-block-spacer\"><\/div>\n\n\n\n<p style=\"text-align: center;\"><iframe loading=\"lazy\" src=\"https:\/\/videopress.com\/embed\/NiYlHPZk\" width=\"560\" height=\"315\" frameborder=\"0\" allowfullscreen=\"allowfullscreen\"><\/iframe><\/p>\n\n\n\n<div style=\"height:492px\" aria-hidden=\"true\" class=\"wp-block-spacer\"><\/div>\n\n\n\n<figure class=\"wp-block-image size-full is-style-default\"><img loading=\"lazy\" decoding=\"async\" width=\"480\" height=\"480\" src=\"https:\/\/www.obradordemoviments.com\/es\/wp-content\/uploads\/2025\/05\/soto-3.jpeg\" alt=\"\" class=\"wp-image-4109\" srcset=\"https:\/\/www.obradordemoviments.com\/es\/wp-content\/uploads\/2025\/05\/soto-3.jpeg 480w, https:\/\/www.obradordemoviments.com\/es\/wp-content\/uploads\/2025\/05\/soto-3-300x300.jpeg 300w, https:\/\/www.obradordemoviments.com\/es\/wp-content\/uploads\/2025\/05\/soto-3-150x150.jpeg 150w\" sizes=\"auto, (max-width: 480px) 100vw, 480px\" \/><\/figure>\n<\/div>\n\n\n\n<div class=\"wp-block-column is-layout-flow wp-block-column-is-layout-flow\" style=\"flex-basis:25%\">\n<div style=\"height:553px\" aria-hidden=\"true\" class=\"wp-block-spacer\"><\/div>\n\n\n\n<figure class=\"wp-block-image size-full\"><img loading=\"lazy\" decoding=\"async\" width=\"748\" height=\"748\" src=\"https:\/\/www.obradordemoviments.com\/es\/wp-content\/uploads\/2025\/05\/soto-4.jpg\" alt=\"\" class=\"wp-image-4125\" srcset=\"https:\/\/www.obradordemoviments.com\/es\/wp-content\/uploads\/2025\/05\/soto-4.jpg 748w, https:\/\/www.obradordemoviments.com\/es\/wp-content\/uploads\/2025\/05\/soto-4-300x300.jpg 300w, https:\/\/www.obradordemoviments.com\/es\/wp-content\/uploads\/2025\/05\/soto-4-150x150.jpg 150w\" sizes=\"auto, (max-width: 748px) 100vw, 748px\" \/><\/figure>\n\n\n\n<div style=\"height:414px\" aria-hidden=\"true\" class=\"wp-block-spacer\"><\/div>\n\n\n\n<figure class=\"wp-block-image size-full is-style-default\"><img loading=\"lazy\" decoding=\"async\" width=\"480\" height=\"640\" src=\"https:\/\/www.obradordemoviments.com\/es\/wp-content\/uploads\/2025\/05\/soto2.jpeg\" alt=\"\" class=\"wp-image-4103\" srcset=\"https:\/\/www.obradordemoviments.com\/es\/wp-content\/uploads\/2025\/05\/soto2.jpeg 480w, https:\/\/www.obradordemoviments.com\/es\/wp-content\/uploads\/2025\/05\/soto2-225x300.jpeg 225w\" sizes=\"auto, (max-width: 480px) 100vw, 480px\" \/><\/figure>\n<\/div>\n\n\n\n<div class=\"wp-block-column is-layout-flow wp-block-column-is-layout-flow\" style=\"flex-basis:30%\">\n<figure class=\"wp-block-image size-full is-style-default\"><img loading=\"lazy\" decoding=\"async\" width=\"480\" height=\"640\" src=\"https:\/\/www.obradordemoviments.com\/es\/wp-content\/uploads\/2025\/05\/10-04-186.jpeg\" alt=\"\" class=\"wp-image-4101\" srcset=\"https:\/\/www.obradordemoviments.com\/es\/wp-content\/uploads\/2025\/05\/10-04-186.jpeg 480w, https:\/\/www.obradordemoviments.com\/es\/wp-content\/uploads\/2025\/05\/10-04-186-225x300.jpeg 225w\" sizes=\"auto, (max-width: 480px) 100vw, 480px\" \/><\/figure>\n\n\n\n<div style=\"height:301px\" aria-hidden=\"true\" class=\"wp-block-spacer\"><\/div>\n\n\n\n<figure class=\"wp-block-image size-full is-style-default\"><img loading=\"lazy\" decoding=\"async\" width=\"2000\" height=\"1143\" src=\"https:\/\/www.obradordemoviments.com\/es\/wp-content\/uploads\/2025\/05\/IMG_0333_enhanced_2000px.jpeg\" alt=\"\" class=\"wp-image-4137\" srcset=\"https:\/\/www.obradordemoviments.com\/es\/wp-content\/uploads\/2025\/05\/IMG_0333_enhanced_2000px.jpeg 2000w, https:\/\/www.obradordemoviments.com\/es\/wp-content\/uploads\/2025\/05\/IMG_0333_enhanced_2000px-300x171.jpeg 300w, https:\/\/www.obradordemoviments.com\/es\/wp-content\/uploads\/2025\/05\/IMG_0333_enhanced_2000px-1024x585.jpeg 1024w, https:\/\/www.obradordemoviments.com\/es\/wp-content\/uploads\/2025\/05\/IMG_0333_enhanced_2000px-768x439.jpeg 768w, https:\/\/www.obradordemoviments.com\/es\/wp-content\/uploads\/2025\/05\/IMG_0333_enhanced_2000px-1536x878.jpeg 1536w, https:\/\/www.obradordemoviments.com\/es\/wp-content\/uploads\/2025\/05\/IMG_0333_enhanced_2000px-388x222.jpeg 388w\" sizes=\"auto, (max-width: 2000px) 100vw, 2000px\" \/><\/figure>\n\n\n\n<div style=\"height:301px\" aria-hidden=\"true\" class=\"wp-block-spacer\"><\/div>\n\n\n\n<figure class=\"wp-block-image size-full is-style-default\"><img loading=\"lazy\" decoding=\"async\" width=\"603\" height=\"351\" src=\"https:\/\/www.obradordemoviments.com\/es\/wp-content\/uploads\/2025\/05\/EnRoute12-e1746525727176.jpeg\" alt=\"\" class=\"wp-image-4100\" srcset=\"https:\/\/www.obradordemoviments.com\/es\/wp-content\/uploads\/2025\/05\/EnRoute12-e1746525727176.jpeg 603w, https:\/\/www.obradordemoviments.com\/es\/wp-content\/uploads\/2025\/05\/EnRoute12-e1746525727176-300x175.jpeg 300w, https:\/\/www.obradordemoviments.com\/es\/wp-content\/uploads\/2025\/05\/EnRoute12-e1746525727176-388x226.jpeg 388w\" sizes=\"auto, (max-width: 603px) 100vw, 603px\" \/><\/figure>\n<\/div>\n<\/div>\n\n\n\n<div style=\"height:100px\" aria-hidden=\"true\" class=\"wp-block-spacer\"><\/div>\n\n\n\n<p><\/p>\n","protected":false},"excerpt":{"rendered":"<p>Taller-Presentaci\u00f3n el pr\u00f3ximo 31 de Mayo<\/p>\n","protected":false},"author":2,"featured_media":4140,"comment_status":"closed","ping_status":"closed","sticky":false,"template":"","format":"standard","meta":{"_s2mail":"yes","ngg_post_thumbnail":0,"footnotes":""},"categories":[32,36],"tags":[24],"class_list":["post-4068","post","type-post","status-publish","format-standard","has-post-thumbnail","hentry","category-creacio","category-mirador","tag-mirador"],"_links":{"self":[{"href":"https:\/\/www.obradordemoviments.com\/es\/wp-json\/wp\/v2\/posts\/4068","targetHints":{"allow":["GET"]}}],"collection":[{"href":"https:\/\/www.obradordemoviments.com\/es\/wp-json\/wp\/v2\/posts"}],"about":[{"href":"https:\/\/www.obradordemoviments.com\/es\/wp-json\/wp\/v2\/types\/post"}],"author":[{"embeddable":true,"href":"https:\/\/www.obradordemoviments.com\/es\/wp-json\/wp\/v2\/users\/2"}],"replies":[{"embeddable":true,"href":"https:\/\/www.obradordemoviments.com\/es\/wp-json\/wp\/v2\/comments?post=4068"}],"version-history":[{"count":82,"href":"https:\/\/www.obradordemoviments.com\/es\/wp-json\/wp\/v2\/posts\/4068\/revisions"}],"predecessor-version":[{"id":4190,"href":"https:\/\/www.obradordemoviments.com\/es\/wp-json\/wp\/v2\/posts\/4068\/revisions\/4190"}],"wp:featuredmedia":[{"embeddable":true,"href":"https:\/\/www.obradordemoviments.com\/es\/wp-json\/wp\/v2\/media\/4140"}],"wp:attachment":[{"href":"https:\/\/www.obradordemoviments.com\/es\/wp-json\/wp\/v2\/media?parent=4068"}],"wp:term":[{"taxonomy":"category","embeddable":true,"href":"https:\/\/www.obradordemoviments.com\/es\/wp-json\/wp\/v2\/categories?post=4068"},{"taxonomy":"post_tag","embeddable":true,"href":"https:\/\/www.obradordemoviments.com\/es\/wp-json\/wp\/v2\/tags?post=4068"}],"curies":[{"name":"wp","href":"https:\/\/api.w.org\/{rel}","templated":true}]}}